{"id":8490,"date":"2025-07-17T10:03:33","date_gmt":"2025-07-17T10:03:33","guid":{"rendered":"https:\/\/hygge-constructions.fr\/?p=8490"},"modified":"2025-07-17T12:45:13","modified_gmt":"2025-07-17T12:45:13","slug":"tendances-peinture-interieur-2025-les-couleurs-phares","status":"publish","type":"post","link":"https:\/\/hygge-constructions.fr\/en\/2025\/07\/17\/tendances-peinture-interieur-2025-les-couleurs-phares\/","title":{"rendered":"Tendances peinture int\u00e9rieur 2025 : Les couleurs phares"},"content":{"rendered":"<style>.elementor-8490 .elementor-element.elementor-element-538da90{--display:flex;}.elementor-8490 .elementor-element.elementor-element-8582ade{--display:flex;--flex-direction:row;--container-widget-width:initial;--container-widget-height:100%;--container-widget-flex-grow:1;--container-widget-align-self:stretch;--flex-wrap-mobile:wrap;--gap:0px 0px;--row-gap:0px;--column-gap:0px;}.elementor-8490 .elementor-element.elementor-element-ae139e4{--display:flex;--flex-direction:column;--container-widget-width:100%;--container-widget-height:initial;--container-widget-flex-grow:0;--container-widget-align-self:initial;--flex-wrap-mobile:wrap;}.elementor-8490 .elementor-element.elementor-element-ae139e4.e-con{--flex-grow:0;--flex-shrink:0;}.elementor-8490 .elementor-element.elementor-element-cbc3d58{width:var( --container-widget-width, 107.375% );max-width:107.375%;--container-widget-width:107.375%;--container-widget-flex-grow:0;}.elementor-8490 .elementor-element.elementor-element-cbc3d58.elementor-element{--flex-grow:0;--flex-shrink:0;}.elementor-8490 .elementor-element.elementor-element-031818f{--display:flex;--flex-direction:column;--container-widget-width:100%;--container-widget-height:initial;--container-widget-flex-grow:0;--container-widget-align-self:initial;--flex-wrap-mobile:wrap;}.elementor-8490 .elementor-element.elementor-element-fe47d49{--display:flex;}.elementor-8490 .elementor-element.elementor-element-25d083a{--display:flex;--min-height:0px;--flex-direction:row;--container-widget-width:initial;--container-widget-height:100%;--container-widget-flex-grow:1;--container-widget-align-self:stretch;--flex-wrap-mobile:wrap;--gap:3px 2px;--row-gap:3px;--column-gap:2px;}.elementor-8490 .elementor-element.elementor-element-25d083a.e-con{--flex-grow:0;--flex-shrink:0;}.elementor-8490 .elementor-element.elementor-element-c5dac22{--display:flex;--min-height:0px;--flex-direction:column;--container-widget-width:100%;--container-widget-height:initial;--container-widget-flex-grow:0;--container-widget-align-self:initial;--flex-wrap-mobile:wrap;}.elementor-8490 .elementor-element.elementor-element-c5dac22.e-con{--flex-grow:0;--flex-shrink:0;}.elementor-8490 .elementor-element.elementor-element-3a8d4bd{width:var( --container-widget-width, 101.694% );max-width:101.694%;--container-widget-width:101.694%;--container-widget-flex-grow:0;}.elementor-8490 .elementor-element.elementor-element-3a8d4bd.elementor-element{--flex-grow:0;--flex-shrink:0;}.elementor-8490 .elementor-element.elementor-element-6bb533e{--display:flex;--flex-direction:column;--container-widget-width:100%;--container-widget-height:initial;--container-widget-flex-grow:0;--container-widget-align-self:initial;--flex-wrap-mobile:wrap;}.elementor-8490 .elementor-element.elementor-element-6bb533e.e-con{--flex-grow:0;--flex-shrink:0;}.elementor-8490 .elementor-element.elementor-element-8deaf23{width:var( --container-widget-width, 102.347% );max-width:102.347%;--container-widget-width:102.347%;--container-widget-flex-grow:0;}.elementor-8490 .elementor-element.elementor-element-8deaf23.elementor-element{--flex-grow:0;--flex-shrink:0;}.elementor-8490 .elementor-element.elementor-element-8c3e304{--display:flex;}.elementor-widget .tippy-tooltip .tippy-content{text-align:center;}@media(min-width:768px){.elementor-8490 .elementor-element.elementor-element-ae139e4{--width:62.95%;}.elementor-8490 .elementor-element.elementor-element-031818f{--width:50%;}.elementor-8490 .elementor-element.elementor-element-25d083a{--width:100%;}.elementor-8490 .elementor-element.elementor-element-c5dac22{--width:62%;}.elementor-8490 .elementor-element.elementor-element-6bb533e{--width:40.267%;}}<\/style>\t\t<div data-elementor-type=\"wp-post\" data-elementor-id=\"8490\" class=\"elementor elementor-8490\" data-elementor-post-type=\"post\">\n\t\t\t\t<div class=\"elementor-element elementor-element-538da90 e-flex e-con-boxed e-con e-parent\" data-id=\"538da90\" data-element_type=\"container\" data-e-type=\"container\">\n\t\t\t\t\t<div class=\"e-con-inner\">\n\t\t\t\t<div class=\"elementor-element elementor-element-91aeee5 elementor-widget elementor-widget-text-editor\" data-id=\"91aeee5\" data-element_type=\"widget\" data-e-type=\"widget\" data-widget_type=\"text-editor.default\">\n\t\t\t\t<div class=\"elementor-widget-container\">\n\t\t\t\t\t\t\t\t\t<p data-start=\"60\" data-end=\"353\">La tendances peinture int\u00e9rieur 2025 explore les teintes cl\u00e9s de l\u2019ann\u00e9e \u00e0 venir. Cette ann\u00e9e, on mise sur des couleurs chaleureuses et naturelles. Les choix visent \u00e0 cr\u00e9er une ambiance apaisante et accueillante dans chaque pi\u00e8ce. D\u00e9couvrez ici les nuances incontournables en 2025.<\/p><h3 data-start=\"355\" data-end=\"372\">Le brun chaud<\/h3><p data-start=\"374\" data-end=\"873\">Le brun chaud, nomm\u00e9 Elderton, s\u00e9duit par ses notes chocolat\u00e9es profondes.\u00a0<br data-start=\"486\" data-end=\"489\" \/>Choisie couleur de l\u2019ann\u00e9e par Graham &amp; Brown, cette teinte \u00e9voque une sensation de confort rustique.\u00a0<br data-start=\"628\" data-end=\"631\" \/>Elle s\u2019associe parfaitement \u00e0 des mati\u00e8res naturelles comme le bois clair et le lin.<br data-start=\"753\" data-end=\"756\" \/>Pour une touche sophistiqu\u00e9e, ajoutez des accessoires en laiton ou en cuivre.\u00a0<\/p><h3 data-start=\"2312\" data-end=\"2334\">Le jaune dynamique<\/h3><p data-start=\"2336\" data-end=\"2791\">\u00c9clat de Joie, le jaune soutenu de Dulux Valentine, apporte peps et lumi\u00e8re.\u00a0<br data-start=\"2452\" data-end=\"2455\" \/>Cette teinte solaire est id\u00e9ale pour r\u00e9veiller une pi\u00e8ce neutre.\u00a0<br data-start=\"2559\" data-end=\"2562\" \/>\u00c0 utiliser en accents, elle contraste magnifiquement avec le gris et le beige.\u00a0<br data-start=\"2680\" data-end=\"2683\" \/>Le jaune moutarde, proche parent, reste \u00e9galement une valeur s\u00fbre<\/p>\t\t\t\t\t\t\t\t<\/div>\n\t\t\t\t<\/div>\n\t\t\t\t\t<\/div>\n\t\t\t\t<\/div>\n\t\t<div class=\"elementor-element elementor-element-8582ade e-flex e-con-boxed e-con e-parent\" data-id=\"8582ade\" data-element_type=\"container\" data-e-type=\"container\">\n\t\t\t\t\t<div class=\"e-con-inner\">\n\t\t<div class=\"elementor-element elementor-element-ae139e4 e-con-full e-flex e-con e-child\" data-id=\"ae139e4\" data-element_type=\"container\" data-e-type=\"container\">\n\t\t\t\t<div class=\"elementor-element elementor-element-cbc3d58 elementor-widget__width-initial elementor-widget elementor-widget-image\" data-id=\"cbc3d58\" data-element_type=\"widget\" data-e-type=\"widget\" data-widget_type=\"image.default\">\n\t\t\t\t<div class=\"elementor-widget-container\">\n\t\t\t\t\t\t\t\t\t\t\t\t\t\t\t<img fetchpriority=\"high\" decoding=\"async\" width=\"800\" height=\"533\" src=\"https:\/\/hygge-constructions.fr\/wp-content\/uploads\/2025\/07\/luxury-modern-and-vintage-turquoise-interior-1024x682.jpg\" class=\"attachment-large size-large wp-image-8493\" alt=\"Luxury modern and vintage turquoise interior\" srcset=\"https:\/\/hygge-constructions.fr\/wp-content\/uploads\/2025\/07\/luxury-modern-and-vintage-turquoise-interior-1024x682.jpg 1024w, https:\/\/hygge-constructions.fr\/wp-content\/uploads\/2025\/07\/luxury-modern-and-vintage-turquoise-interior-300x200.jpg 300w, https:\/\/hygge-constructions.fr\/wp-content\/uploads\/2025\/07\/luxury-modern-and-vintage-turquoise-interior-768x512.jpg 768w, https:\/\/hygge-constructions.fr\/wp-content\/uploads\/2025\/07\/luxury-modern-and-vintage-turquoise-interior-1536x1024.jpg 1536w, https:\/\/hygge-constructions.fr\/wp-content\/uploads\/2025\/07\/luxury-modern-and-vintage-turquoise-interior-18x12.jpg 18w, https:\/\/hygge-constructions.fr\/wp-content\/uploads\/2025\/07\/luxury-modern-and-vintage-turquoise-interior.jpg 2000w\" sizes=\"(max-width: 800px) 100vw, 800px\" \/>\t\t\t\t\t\t\t\t\t\t\t\t\t\t\t<\/div>\n\t\t\t\t<\/div>\n\t\t\t\t<\/div>\n\t\t<div class=\"elementor-element elementor-element-031818f e-con-full e-flex e-con e-child\" data-id=\"031818f\" data-element_type=\"container\" data-e-type=\"container\">\n\t\t\t\t<div class=\"elementor-element elementor-element-ff95a6b elementor-widget elementor-widget-text-editor\" data-id=\"ff95a6b\" data-element_type=\"widget\" data-e-type=\"widget\" data-widget_type=\"text-editor.default\">\n\t\t\t\t<div class=\"elementor-widget-container\">\n\t\t\t\t\t\t\t\t\t<h3 data-start=\"1835\" data-end=\"1857\">Le turquoise gris\u00e9<\/h3><p data-start=\"1859\" data-end=\"2310\">Mapped Blue, un turquoise gris\u00e9, refl\u00e8te le besoin de bien-\u00eatre et de durabilit\u00e9.<br data-start=\"1980\" data-end=\"1983\" \/>Proche du bleu, cette teinte calme \u00e9voque l\u2019eau et la nature.<br data-start=\"2084\" data-end=\"2087\" \/>Associez-la \u00e0 des verts sombres ou \u00e0 d\u2019autres bleus pour un effet apaisant.\u00a0<br data-start=\"2202\" data-end=\"2205\" \/>Elle convient autant aux espaces de vie qu\u2019aux salles de bains.\u00a0<\/p><h3 data-start=\"2312\" data-end=\"2334\">\u00a0<\/h3>\t\t\t\t\t\t\t\t<\/div>\n\t\t\t\t<\/div>\n\t\t\t\t<\/div>\n\t\t\t\t\t<\/div>\n\t\t\t\t<\/div>\n\t\t<div class=\"elementor-element elementor-element-fe47d49 e-flex e-con-boxed e-con e-parent\" data-id=\"fe47d49\" data-element_type=\"container\" data-e-type=\"container\">\n\t\t\t\t\t<div class=\"e-con-inner\">\n\t\t\t\t<div class=\"elementor-element elementor-element-543e2f5 elementor-widget elementor-widget-text-editor\" data-id=\"543e2f5\" data-element_type=\"widget\" data-e-type=\"widget\" data-widget_type=\"text-editor.default\">\n\t\t\t\t<div class=\"elementor-widget-container\">\n\t\t\t\t\t\t\t\t\t<h3 data-start=\"1356\" data-end=\"1373\">Le rouge ros\u00e9<\/h3><p data-start=\"1375\" data-end=\"1833\">Le rouge ros\u00e9 Rumors de Behr offre une \u00e9nergie feutr\u00e9e.<\/p><p data-start=\"1375\" data-end=\"1833\">Cette nuance, \u00e0 la fois vive et douce, r\u00e9chauffe subtilement les int\u00e9rieurs.\u00a0<br data-start=\"1585\" data-end=\"1588\" \/>Elle se marie avec des beiges neutres et des taupes pour un \u00e9quilibre \u00e9l\u00e9gant.\u00a0<br data-start=\"1706\" data-end=\"1709\" \/>En petite touche, elle cr\u00e9e un point focal chaleureux dans le salon ou la chambre.\u00a0<\/p><h3 data-start=\"2312\" data-end=\"2334\">Le jaune dynamique<\/h3><p data-start=\"2336\" data-end=\"2791\">\u00c9clat de Joie, le jaune soutenu de Dulux Valentine, apporte peps et lumi\u00e8re.\u00a0<br data-start=\"2452\" data-end=\"2455\" \/>Cette teinte solaire est id\u00e9ale pour r\u00e9veiller une pi\u00e8ce neutre.\u00a0<br data-start=\"2559\" data-end=\"2562\" \/>\u00c0 utiliser en accents, elle contraste magnifiquement avec le gris et le beige.\u00a0<br data-start=\"2680\" data-end=\"2683\" \/>Le jaune moutarde, proche parent, reste \u00e9galement une valeur s\u00fbre<\/p>\t\t\t\t\t\t\t\t<\/div>\n\t\t\t\t<\/div>\n\t\t\t\t\t<\/div>\n\t\t\t\t<\/div>\n\t\t<div class=\"elementor-element elementor-element-25d083a e-con-full e-flex e-con e-parent\" data-id=\"25d083a\" data-element_type=\"container\" data-e-type=\"container\">\n\t\t<div class=\"elementor-element elementor-element-c5dac22 e-con-full e-flex e-con e-child\" data-id=\"c5dac22\" data-element_type=\"container\" data-e-type=\"container\">\n\t\t\t\t<div class=\"elementor-element elementor-element-3a8d4bd elementor-widget__width-initial elementor-widget elementor-widget-image\" data-id=\"3a8d4bd\" data-element_type=\"widget\" data-e-type=\"widget\" data-widget_type=\"image.default\">\n\t\t\t\t<div class=\"elementor-widget-container\">\n\t\t\t\t\t\t\t\t\t\t\t\t\t\t\t<img decoding=\"async\" width=\"800\" height=\"533\" src=\"https:\/\/hygge-constructions.fr\/wp-content\/uploads\/2025\/07\/purple-velvet-sofa-with-golden-pillow-in-living-room-interior-1024x682.jpg\" class=\"attachment-large size-large wp-image-8494\" alt=\"Purple velvet sofa with golden pillow in living room interior\" srcset=\"https:\/\/hygge-constructions.fr\/wp-content\/uploads\/2025\/07\/purple-velvet-sofa-with-golden-pillow-in-living-room-interior-1024x682.jpg 1024w, https:\/\/hygge-constructions.fr\/wp-content\/uploads\/2025\/07\/purple-velvet-sofa-with-golden-pillow-in-living-room-interior-300x200.jpg 300w, https:\/\/hygge-constructions.fr\/wp-content\/uploads\/2025\/07\/purple-velvet-sofa-with-golden-pillow-in-living-room-interior-768x512.jpg 768w, https:\/\/hygge-constructions.fr\/wp-content\/uploads\/2025\/07\/purple-velvet-sofa-with-golden-pillow-in-living-room-interior-1536x1024.jpg 1536w, https:\/\/hygge-constructions.fr\/wp-content\/uploads\/2025\/07\/purple-velvet-sofa-with-golden-pillow-in-living-room-interior-18x12.jpg 18w, https:\/\/hygge-constructions.fr\/wp-content\/uploads\/2025\/07\/purple-velvet-sofa-with-golden-pillow-in-living-room-interior.jpg 2000w\" sizes=\"(max-width: 800px) 100vw, 800px\" \/>\t\t\t\t\t\t\t\t\t\t\t\t\t\t\t<\/div>\n\t\t\t\t<\/div>\n\t\t\t\t<\/div>\n\t\t<div class=\"elementor-element elementor-element-6bb533e e-con-full e-flex e-con e-child\" data-id=\"6bb533e\" data-element_type=\"container\" data-e-type=\"container\">\n\t\t\t\t<div class=\"elementor-element elementor-element-8deaf23 elementor-widget__width-initial elementor-widget elementor-widget-text-editor\" data-id=\"8deaf23\" data-element_type=\"widget\" data-e-type=\"widget\" data-widget_type=\"text-editor.default\">\n\t\t\t\t<div class=\"elementor-widget-container\">\n\t\t\t\t\t\t\t\t\t<h3 data-start=\"875\" data-end=\"894\">Le violet bruni<\/h3><p data-start=\"896\" data-end=\"1354\">Cinnamon Slate, la couleur prune velout\u00e9e de Benjamin Moore, est \u00e0 l\u2019honneur.<br data-start=\"1011\" data-end=\"1014\" \/>Cette nuance apporte \u00e0 la fois modernit\u00e9 et s\u00e9r\u00e9nit\u00e9 \u00e0 vos murs.<br data-start=\"1116\" data-end=\"1119\" \/>Elle s\u2019harmonise avec des verts gris ou des bleus ardoise en contraste doux.\u00a0<br data-start=\"1233\" data-end=\"1236\" \/>Le vieux rose, d\u00e9clinaison voisine, reste tr\u00e8s pris\u00e9 pour son effet cocooning.\u00a0<\/p>\t\t\t\t\t\t\t\t<\/div>\n\t\t\t\t<\/div>\n\t\t\t\t<\/div>\n\t\t\t\t<\/div>\n\t\t<div class=\"elementor-element elementor-element-8c3e304 e-flex e-con-boxed e-con e-parent\" data-id=\"8c3e304\" data-element_type=\"container\" data-e-type=\"container\">\n\t\t\t\t\t<div class=\"e-con-inner\">\n\t\t\t\t<div class=\"elementor-element elementor-element-f0ef4aa elementor-widget elementor-widget-text-editor\" data-id=\"f0ef4aa\" data-element_type=\"widget\" data-e-type=\"widget\" data-widget_type=\"text-editor.default\">\n\t\t\t\t<div class=\"elementor-widget-container\">\n\t\t\t\t\t\t\t\t\t<p>En 2025, les <strong data-start=\"2822\" data-end=\"2859\">tendances peinture int\u00e9rieur 2025<\/strong> mettent l\u2019accent sur la chaleur, la douceur et l\u2019harmonie. Choisissez l\u2019une des teintes phares pour transformer votre espace en un refuge accueillant.<\/p>\t\t\t\t\t\t\t\t<\/div>\n\t\t\t\t<\/div>\n\t\t\t\t\t<\/div>\n\t\t\t\t<\/div>\n\t\t\t\t<\/div>","protected":false},"excerpt":{"rendered":"<p>Cette ann\u00e9e, on mise sur des couleurs chaleureuses et naturelles. Les choix visent \u00e0 cr\u00e9er une ambiance apaisante et accueillante dans chaque pi\u00e8ce. D\u00e9couvrez ici les nuances incontournables en 2025.<\/p>","protected":false},"author":5,"featured_media":8492,"comment_status":"closed","ping_status":"closed","sticky":false,"template":"","format":"standard","meta":{"_acf_changed":false,"footnotes":""},"categories":[39],"tags":[29,28,32],"class_list":["post-8490","post","type-post","status-publish","format-standard","has-post-thumbnail","hentry","category-architecture-et-design-dinterieur","tag-interieur","tag-style","tag-tendances"],"acf":[],"yoast_head":"<!-- This site is optimized with the Yoast SEO plugin v27.2 - https:\/\/yoast.com\/product\/yoast-seo-wordpress\/ -->\n<title>Tendances peinture int\u00e9rieur 2025 : Les couleurs phares - Hygge Constructions<\/title>\n<meta name=\"description\" content=\"D\u00e9couvrez les tendances peinture int\u00e9rieur 2025 : brun, violet, rouge, turquoise et jaune pour sublimer votre int\u00e9rieur.\" \/>\n<meta name=\"robots\" content=\"index, follow, max-snippet:-1, max-image-preview:large, max-video-preview:-1\" \/>\n<link rel=\"canonical\" href=\"https:\/\/hygge-constructions.fr\/en\/2025\/07\/17\/tendances-peinture-interieur-2025-les-couleurs-phares\/\" \/>\n<meta property=\"og:locale\" content=\"en_US\" \/>\n<meta property=\"og:type\" content=\"article\" \/>\n<meta property=\"og:title\" content=\"Tendances peinture int\u00e9rieur 2025 : Les couleurs phares - Hygge Constructions\" \/>\n<meta property=\"og:description\" content=\"D\u00e9couvrez les tendances peinture int\u00e9rieur 2025 : brun, violet, rouge, turquoise et jaune pour sublimer votre int\u00e9rieur.\" \/>\n<meta property=\"og:url\" content=\"https:\/\/hygge-constructions.fr\/en\/2025\/07\/17\/tendances-peinture-interieur-2025-les-couleurs-phares\/\" \/>\n<meta property=\"og:site_name\" content=\"Hygge Constructions\" \/>\n<meta property=\"article:published_time\" content=\"2025-07-17T10:03:33+00:00\" \/>\n<meta property=\"article:modified_time\" content=\"2025-07-17T12:45:13+00:00\" \/>\n<meta property=\"og:image\" content=\"https:\/\/hygge-constructions.fr\/wp-content\/uploads\/2025\/07\/brown-and-gray-master-bedroom.jpg\" \/>\n\t<meta property=\"og:image:width\" content=\"2000\" \/>\n\t<meta property=\"og:image:height\" content=\"908\" \/>\n\t<meta property=\"og:image:type\" content=\"image\/jpeg\" \/>\n<meta name=\"author\" content=\"Mustapha\" \/>\n<meta name=\"twitter:card\" content=\"summary_large_image\" \/>\n<meta name=\"twitter:label1\" content=\"Written by\" \/>\n\t<meta name=\"twitter:data1\" content=\"Mustapha\" \/>\n\t<meta name=\"twitter:label2\" content=\"Est. reading time\" \/>\n\t<meta name=\"twitter:data2\" content=\"3 minutes\" \/>\n<script type=\"application\/ld+json\" class=\"yoast-schema-graph\">{\"@context\":\"https:\/\/schema.org\",\"@graph\":[{\"@type\":[\"Article\",\"BlogPosting\"],\"@id\":\"https:\/\/hygge-constructions.fr\/2025\/07\/17\/tendances-peinture-interieur-2025-les-couleurs-phares\/#article\",\"isPartOf\":{\"@id\":\"https:\/\/hygge-constructions.fr\/2025\/07\/17\/tendances-peinture-interieur-2025-les-couleurs-phares\/\"},\"author\":{\"name\":\"Mustapha\",\"@id\":\"https:\/\/hygge-constructions.fr\/#\/schema\/person\/f7b30084d12c27d8737b03fea9b6dd53\"},\"headline\":\"Tendances peinture int\u00e9rieur 2025 : Les couleurs phares\",\"datePublished\":\"2025-07-17T10:03:33+00:00\",\"dateModified\":\"2025-07-17T12:45:13+00:00\",\"mainEntityOfPage\":{\"@id\":\"https:\/\/hygge-constructions.fr\/2025\/07\/17\/tendances-peinture-interieur-2025-les-couleurs-phares\/\"},\"wordCount\":421,\"publisher\":{\"@id\":\"https:\/\/hygge-constructions.fr\/#organization\"},\"image\":{\"@id\":\"https:\/\/hygge-constructions.fr\/2025\/07\/17\/tendances-peinture-interieur-2025-les-couleurs-phares\/#primaryimage\"},\"thumbnailUrl\":\"https:\/\/hygge-constructions.fr\/wp-content\/uploads\/2025\/07\/brown-and-gray-master-bedroom.jpg\",\"keywords\":[\"Int\u00e9rieur\",\"Style\",\"Tendances\"],\"articleSection\":[\"Architecture et Design d'Int\u00e9rieur\"],\"inLanguage\":\"en-US\"},{\"@type\":\"WebPage\",\"@id\":\"https:\/\/hygge-constructions.fr\/2025\/07\/17\/tendances-peinture-interieur-2025-les-couleurs-phares\/\",\"url\":\"https:\/\/hygge-constructions.fr\/2025\/07\/17\/tendances-peinture-interieur-2025-les-couleurs-phares\/\",\"name\":\"Tendances peinture int\u00e9rieur 2025 : Les couleurs phares - Hygge Constructions\",\"isPartOf\":{\"@id\":\"https:\/\/hygge-constructions.fr\/#website\"},\"primaryImageOfPage\":{\"@id\":\"https:\/\/hygge-constructions.fr\/2025\/07\/17\/tendances-peinture-interieur-2025-les-couleurs-phares\/#primaryimage\"},\"image\":{\"@id\":\"https:\/\/hygge-constructions.fr\/2025\/07\/17\/tendances-peinture-interieur-2025-les-couleurs-phares\/#primaryimage\"},\"thumbnailUrl\":\"https:\/\/hygge-constructions.fr\/wp-content\/uploads\/2025\/07\/brown-and-gray-master-bedroom.jpg\",\"datePublished\":\"2025-07-17T10:03:33+00:00\",\"dateModified\":\"2025-07-17T12:45:13+00:00\",\"description\":\"D\u00e9couvrez les tendances peinture int\u00e9rieur 2025 : brun, violet, rouge, turquoise et jaune pour sublimer votre int\u00e9rieur.\",\"breadcrumb\":{\"@id\":\"https:\/\/hygge-constructions.fr\/2025\/07\/17\/tendances-peinture-interieur-2025-les-couleurs-phares\/#breadcrumb\"},\"inLanguage\":\"en-US\",\"potentialAction\":[{\"@type\":\"ReadAction\",\"target\":[\"https:\/\/hygge-constructions.fr\/2025\/07\/17\/tendances-peinture-interieur-2025-les-couleurs-phares\/\"]}]},{\"@type\":\"ImageObject\",\"inLanguage\":\"en-US\",\"@id\":\"https:\/\/hygge-constructions.fr\/2025\/07\/17\/tendances-peinture-interieur-2025-les-couleurs-phares\/#primaryimage\",\"url\":\"https:\/\/hygge-constructions.fr\/wp-content\/uploads\/2025\/07\/brown-and-gray-master-bedroom.jpg\",\"contentUrl\":\"https:\/\/hygge-constructions.fr\/wp-content\/uploads\/2025\/07\/brown-and-gray-master-bedroom.jpg\",\"width\":2000,\"height\":908,\"caption\":\"Brown and gray master bedroom\"},{\"@type\":\"BreadcrumbList\",\"@id\":\"https:\/\/hygge-constructions.fr\/2025\/07\/17\/tendances-peinture-interieur-2025-les-couleurs-phares\/#breadcrumb\",\"itemListElement\":[{\"@type\":\"ListItem\",\"position\":1,\"name\":\"Accueil\",\"item\":\"https:\/\/hygge-constructions.fr\/\"},{\"@type\":\"ListItem\",\"position\":2,\"name\":\"Tendances peinture int\u00e9rieur 2025 : Les couleurs phares\"}]},{\"@type\":\"WebSite\",\"@id\":\"https:\/\/hygge-constructions.fr\/#website\",\"url\":\"https:\/\/hygge-constructions.fr\/\",\"name\":\"Hygge Constructions\",\"description\":\"\",\"publisher\":{\"@id\":\"https:\/\/hygge-constructions.fr\/#organization\"},\"potentialAction\":[{\"@type\":\"SearchAction\",\"target\":{\"@type\":\"EntryPoint\",\"urlTemplate\":\"https:\/\/hygge-constructions.fr\/?s={search_term_string}\"},\"query-input\":{\"@type\":\"PropertyValueSpecification\",\"valueRequired\":true,\"valueName\":\"search_term_string\"}}],\"inLanguage\":\"en-US\"},{\"@type\":\"Organization\",\"@id\":\"https:\/\/hygge-constructions.fr\/#organization\",\"name\":\"Hygge Constructions\",\"url\":\"https:\/\/hygge-constructions.fr\/\",\"logo\":{\"@type\":\"ImageObject\",\"inLanguage\":\"en-US\",\"@id\":\"https:\/\/hygge-constructions.fr\/#\/schema\/logo\/image\/\",\"url\":\"https:\/\/hygge-constructions.fr\/wp-content\/uploads\/2023\/08\/Logo-modifie.png\",\"contentUrl\":\"https:\/\/hygge-constructions.fr\/wp-content\/uploads\/2023\/08\/Logo-modifie.png\",\"width\":196,\"height\":35,\"caption\":\"Hygge Constructions\"},\"image\":{\"@id\":\"https:\/\/hygge-constructions.fr\/#\/schema\/logo\/image\/\"}},{\"@type\":\"Person\",\"@id\":\"https:\/\/hygge-constructions.fr\/#\/schema\/person\/f7b30084d12c27d8737b03fea9b6dd53\",\"name\":\"Mustapha\",\"image\":{\"@type\":\"ImageObject\",\"inLanguage\":\"en-US\",\"@id\":\"https:\/\/secure.gravatar.com\/avatar\/7cc431a043fa77cca3ff945f94056ffd880edeeed643a6cc4169f98e34d6015c?s=96&d=mm&r=g\",\"url\":\"https:\/\/secure.gravatar.com\/avatar\/7cc431a043fa77cca3ff945f94056ffd880edeeed643a6cc4169f98e34d6015c?s=96&d=mm&r=g\",\"contentUrl\":\"https:\/\/secure.gravatar.com\/avatar\/7cc431a043fa77cca3ff945f94056ffd880edeeed643a6cc4169f98e34d6015c?s=96&d=mm&r=g\",\"caption\":\"Mustapha\"}}]}<\/script>\n<!-- \/ Yoast SEO plugin. -->","yoast_head_json":{"title":"Tendances peinture int\u00e9rieur 2025 : Les couleurs phares - Hygge Constructions","description":"D\u00e9couvrez les tendances peinture int\u00e9rieur 2025 : brun, violet, rouge, turquoise et jaune pour sublimer votre int\u00e9rieur.","robots":{"index":"index","follow":"follow","max-snippet":"max-snippet:-1","max-image-preview":"max-image-preview:large","max-video-preview":"max-video-preview:-1"},"canonical":"https:\/\/hygge-constructions.fr\/en\/2025\/07\/17\/tendances-peinture-interieur-2025-les-couleurs-phares\/","og_locale":"en_US","og_type":"article","og_title":"Tendances peinture int\u00e9rieur 2025 : Les couleurs phares - Hygge Constructions","og_description":"D\u00e9couvrez les tendances peinture int\u00e9rieur 2025 : brun, violet, rouge, turquoise et jaune pour sublimer votre int\u00e9rieur.","og_url":"https:\/\/hygge-constructions.fr\/en\/2025\/07\/17\/tendances-peinture-interieur-2025-les-couleurs-phares\/","og_site_name":"Hygge Constructions","article_published_time":"2025-07-17T10:03:33+00:00","article_modified_time":"2025-07-17T12:45:13+00:00","og_image":[{"width":2000,"height":908,"url":"https:\/\/hygge-constructions.fr\/wp-content\/uploads\/2025\/07\/brown-and-gray-master-bedroom.jpg","type":"image\/jpeg"}],"author":"Mustapha","twitter_card":"summary_large_image","twitter_misc":{"Written by":"Mustapha","Est. reading time":"3 minutes"},"schema":{"@context":"https:\/\/schema.org","@graph":[{"@type":["Article","BlogPosting"],"@id":"https:\/\/hygge-constructions.fr\/2025\/07\/17\/tendances-peinture-interieur-2025-les-couleurs-phares\/#article","isPartOf":{"@id":"https:\/\/hygge-constructions.fr\/2025\/07\/17\/tendances-peinture-interieur-2025-les-couleurs-phares\/"},"author":{"name":"Mustapha","@id":"https:\/\/hygge-constructions.fr\/#\/schema\/person\/f7b30084d12c27d8737b03fea9b6dd53"},"headline":"Tendances peinture int\u00e9rieur 2025 : Les couleurs phares","datePublished":"2025-07-17T10:03:33+00:00","dateModified":"2025-07-17T12:45:13+00:00","mainEntityOfPage":{"@id":"https:\/\/hygge-constructions.fr\/2025\/07\/17\/tendances-peinture-interieur-2025-les-couleurs-phares\/"},"wordCount":421,"publisher":{"@id":"https:\/\/hygge-constructions.fr\/#organization"},"image":{"@id":"https:\/\/hygge-constructions.fr\/2025\/07\/17\/tendances-peinture-interieur-2025-les-couleurs-phares\/#primaryimage"},"thumbnailUrl":"https:\/\/hygge-constructions.fr\/wp-content\/uploads\/2025\/07\/brown-and-gray-master-bedroom.jpg","keywords":["Int\u00e9rieur","Style","Tendances"],"articleSection":["Architecture et Design d'Int\u00e9rieur"],"inLanguage":"en-US"},{"@type":"WebPage","@id":"https:\/\/hygge-constructions.fr\/2025\/07\/17\/tendances-peinture-interieur-2025-les-couleurs-phares\/","url":"https:\/\/hygge-constructions.fr\/2025\/07\/17\/tendances-peinture-interieur-2025-les-couleurs-phares\/","name":"Tendances peinture int\u00e9rieur 2025 : Les couleurs phares - Hygge Constructions","isPartOf":{"@id":"https:\/\/hygge-constructions.fr\/#website"},"primaryImageOfPage":{"@id":"https:\/\/hygge-constructions.fr\/2025\/07\/17\/tendances-peinture-interieur-2025-les-couleurs-phares\/#primaryimage"},"image":{"@id":"https:\/\/hygge-constructions.fr\/2025\/07\/17\/tendances-peinture-interieur-2025-les-couleurs-phares\/#primaryimage"},"thumbnailUrl":"https:\/\/hygge-constructions.fr\/wp-content\/uploads\/2025\/07\/brown-and-gray-master-bedroom.jpg","datePublished":"2025-07-17T10:03:33+00:00","dateModified":"2025-07-17T12:45:13+00:00","description":"D\u00e9couvrez les tendances peinture int\u00e9rieur 2025 : brun, violet, rouge, turquoise et jaune pour sublimer votre int\u00e9rieur.","breadcrumb":{"@id":"https:\/\/hygge-constructions.fr\/2025\/07\/17\/tendances-peinture-interieur-2025-les-couleurs-phares\/#breadcrumb"},"inLanguage":"en-US","potentialAction":[{"@type":"ReadAction","target":["https:\/\/hygge-constructions.fr\/2025\/07\/17\/tendances-peinture-interieur-2025-les-couleurs-phares\/"]}]},{"@type":"ImageObject","inLanguage":"en-US","@id":"https:\/\/hygge-constructions.fr\/2025\/07\/17\/tendances-peinture-interieur-2025-les-couleurs-phares\/#primaryimage","url":"https:\/\/hygge-constructions.fr\/wp-content\/uploads\/2025\/07\/brown-and-gray-master-bedroom.jpg","contentUrl":"https:\/\/hygge-constructions.fr\/wp-content\/uploads\/2025\/07\/brown-and-gray-master-bedroom.jpg","width":2000,"height":908,"caption":"Brown and gray master bedroom"},{"@type":"BreadcrumbList","@id":"https:\/\/hygge-constructions.fr\/2025\/07\/17\/tendances-peinture-interieur-2025-les-couleurs-phares\/#breadcrumb","itemListElement":[{"@type":"ListItem","position":1,"name":"Accueil","item":"https:\/\/hygge-constructions.fr\/"},{"@type":"ListItem","position":2,"name":"Tendances peinture int\u00e9rieur 2025 : Les couleurs phares"}]},{"@type":"WebSite","@id":"https:\/\/hygge-constructions.fr\/#website","url":"https:\/\/hygge-constructions.fr\/","name":"Hygge Constructions","description":"","publisher":{"@id":"https:\/\/hygge-constructions.fr\/#organization"},"potentialAction":[{"@type":"SearchAction","target":{"@type":"EntryPoint","urlTemplate":"https:\/\/hygge-constructions.fr\/?s={search_term_string}"},"query-input":{"@type":"PropertyValueSpecification","valueRequired":true,"valueName":"search_term_string"}}],"inLanguage":"en-US"},{"@type":"Organization","@id":"https:\/\/hygge-constructions.fr\/#organization","name":"Hygge Constructions","url":"https:\/\/hygge-constructions.fr\/","logo":{"@type":"ImageObject","inLanguage":"en-US","@id":"https:\/\/hygge-constructions.fr\/#\/schema\/logo\/image\/","url":"https:\/\/hygge-constructions.fr\/wp-content\/uploads\/2023\/08\/Logo-modifie.png","contentUrl":"https:\/\/hygge-constructions.fr\/wp-content\/uploads\/2023\/08\/Logo-modifie.png","width":196,"height":35,"caption":"Hygge Constructions"},"image":{"@id":"https:\/\/hygge-constructions.fr\/#\/schema\/logo\/image\/"}},{"@type":"Person","@id":"https:\/\/hygge-constructions.fr\/#\/schema\/person\/f7b30084d12c27d8737b03fea9b6dd53","name":"Mustapha","image":{"@type":"ImageObject","inLanguage":"en-US","@id":"https:\/\/secure.gravatar.com\/avatar\/7cc431a043fa77cca3ff945f94056ffd880edeeed643a6cc4169f98e34d6015c?s=96&d=mm&r=g","url":"https:\/\/secure.gravatar.com\/avatar\/7cc431a043fa77cca3ff945f94056ffd880edeeed643a6cc4169f98e34d6015c?s=96&d=mm&r=g","contentUrl":"https:\/\/secure.gravatar.com\/avatar\/7cc431a043fa77cca3ff945f94056ffd880edeeed643a6cc4169f98e34d6015c?s=96&d=mm&r=g","caption":"Mustapha"}}]}},"_links":{"self":[{"href":"https:\/\/hygge-constructions.fr\/en\/wp-json\/wp\/v2\/posts\/8490","targetHints":{"allow":["GET"]}}],"collection":[{"href":"https:\/\/hygge-constructions.fr\/en\/wp-json\/wp\/v2\/posts"}],"about":[{"href":"https:\/\/hygge-constructions.fr\/en\/wp-json\/wp\/v2\/types\/post"}],"author":[{"embeddable":true,"href":"https:\/\/hygge-constructions.fr\/en\/wp-json\/wp\/v2\/users\/5"}],"replies":[{"embeddable":true,"href":"https:\/\/hygge-constructions.fr\/en\/wp-json\/wp\/v2\/comments?post=8490"}],"version-history":[{"count":10,"href":"https:\/\/hygge-constructions.fr\/en\/wp-json\/wp\/v2\/posts\/8490\/revisions"}],"predecessor-version":[{"id":8503,"href":"https:\/\/hygge-constructions.fr\/en\/wp-json\/wp\/v2\/posts\/8490\/revisions\/8503"}],"wp:featuredmedia":[{"embeddable":true,"href":"https:\/\/hygge-constructions.fr\/en\/wp-json\/wp\/v2\/media\/8492"}],"wp:attachment":[{"href":"https:\/\/hygge-constructions.fr\/en\/wp-json\/wp\/v2\/media?parent=8490"}],"wp:term":[{"taxonomy":"category","embeddable":true,"href":"https:\/\/hygge-constructions.fr\/en\/wp-json\/wp\/v2\/categories?post=8490"},{"taxonomy":"post_tag","embeddable":true,"href":"https:\/\/hygge-constructions.fr\/en\/wp-json\/wp\/v2\/tags?post=8490"}],"curies":[{"name":"wp","href":"https:\/\/api.w.org\/{rel}","templated":true}]}}